{"id":195,"date":"2023-03-21T13:41:48","date_gmt":"2023-03-21T18:41:48","guid":{"rendered":"https:\/\/ecommerce.xtrim.com.ec\/develop\/blog\/?p=195"},"modified":"2023-03-21T15:07:54","modified_gmt":"2023-03-21T20:07:54","slug":"la-federacion-ecuatoriana-de-futbol-fef-presenta-oficialmente-a-felix-sanchez-el-nuevo-entrenador-de-la-seleccion-ecuatoriana","status":"publish","type":"post","link":"https:\/\/ecommerce.xtrim.com.ec\/develop\/blog\/deportes\/la-federacion-ecuatoriana-de-futbol-fef-presenta-oficialmente-a-felix-sanchez-el-nuevo-entrenador-de-la-seleccion-ecuatoriana\/","title":{"rendered":"La Federaci\u00f3n Ecuatoriana de F\u00fatbol (FEF) presenta oficialmente a F\u00e9lix S\u00e1nchez, el nuevo entrenador de la selecci\u00f3n ecuatoriana"},"content":{"rendered":"\n<p>El espa\u00f1ol F\u00e9lix S\u00e1nchez, ex entrenador de Qatar, fue presentado de manera oficial ante la afici\u00f3n ecuatoriana como director t\u00e9cnico de la selecci\u00f3n de Ecuador para el proceso de clasificaci\u00f3n del Mundial 2026 y la Copa Am\u00e9rica 2024. El evento fue realizado el 13 de marzo en la Casa de la Selecci\u00f3n.<\/p>\n\n\n\n<p>S\u00e1nchez ingresa a reemplazar al argentino Gustavo Alfaro, cuyo contrato finaliz\u00f3 en noviembre del a\u00f1o pasado luego de la eliminaci\u00f3n de la selecci\u00f3n nacional en la primera ronda del mundial.<\/p>\n\n\n\n<p>La Federaci\u00f3n Ecuatoriana de F\u00fatbol (FEF) destac\u00f3 en su twitter oficial la participaci\u00f3n de S\u00e1nchez en el centro de formaci\u00f3n La Mas\u00eda del Barcelona de Espa\u00f1a, y los campeonatos ganados en Asia, Copa Asia Sub-20 en el 2019 y Copa Asia con la selecci\u00f3n catar\u00ed.<\/p>\n\n\n\n<p>Durante el evento, el presidente de la FEF, Francisco Egas, le dio la bienvenido al nuevo entrenador v\u00eda online, mientras que Rodrigo Espinoza, presidente de la Comisi\u00f3n de Selecciones de la FEF le realiz\u00f3 la entrega de la camiseta de la selecci\u00f3n ecuatoriana.<\/p>\n\n\n\n<p>\u201cLa base del equipo ya est\u00e1. Haremos de aqu\u00ed en m\u00e1s nuestra propia evaluaci\u00f3n para ver a qui\u00e9n sumamos. La primera lista contar\u00e1 con varios mundialistas; se lo han ganado. Trabajaremos desde la pr\u00f3xima semana\u201d indic\u00f3 Feliz S\u00e1nchez durante la rueda de prensa.<\/p>\n\n\n\n<p>La primera convocatoria ser\u00e1 realizad por el nuevo director t\u00e9cnico en los pr\u00f3ximos d\u00edas para los partidos amistosos del 24 y 28 de marzo, contra Australia.<\/p>\n","protected":false},"excerpt":{"rendered":"<p>El espa\u00f1ol F\u00e9lix S\u00e1nchez, ex entrenador de Qatar, fue presentado de manera oficial ante la afici\u00f3n ecuatoriana como director t\u00e9cnico de la selecci\u00f3n de Ecuador para el proceso de clasificaci\u00f3n del Mundial 2026 y la Copa Am\u00e9rica 2024. El evento fue realizado el 13 de marzo en la Casa de la Selecci\u00f3n. S\u00e1nchez ingresa a [&hellip;]<\/p>\n","protected":false},"author":1,"featured_media":196,"comment_status":"open","ping_status":"open","sticky":false,"template":"","format":"standard","meta":{"footnotes":""},"categories":[12],"tags":[],"class_list":["post-195","post","type-post","status-publish","format-standard","has-post-thumbnail","hentry","category-deportes"],"acf":[],"_links":{"self":[{"href":"https:\/\/ecommerce.xtrim.com.ec\/develop\/blog\/wp-json\/wp\/v2\/posts\/195","targetHints":{"allow":["GET"]}}],"collection":[{"href":"https:\/\/ecommerce.xtrim.com.ec\/develop\/blog\/wp-json\/wp\/v2\/posts"}],"about":[{"href":"https:\/\/ecommerce.xtrim.com.ec\/develop\/blog\/wp-json\/wp\/v2\/types\/post"}],"author":[{"embeddable":true,"href":"https:\/\/ecommerce.xtrim.com.ec\/develop\/blog\/wp-json\/wp\/v2\/users\/1"}],"replies":[{"embeddable":true,"href":"https:\/\/ecommerce.xtrim.com.ec\/develop\/blog\/wp-json\/wp\/v2\/comments?post=195"}],"version-history":[{"count":2,"href":"https:\/\/ecommerce.xtrim.com.ec\/develop\/blog\/wp-json\/wp\/v2\/posts\/195\/revisions"}],"predecessor-version":[{"id":209,"href":"https:\/\/ecommerce.xtrim.com.ec\/develop\/blog\/wp-json\/wp\/v2\/posts\/195\/revisions\/209"}],"wp:featuredmedia":[{"embeddable":true,"href":"https:\/\/ecommerce.xtrim.com.ec\/develop\/blog\/wp-json\/wp\/v2\/media\/196"}],"wp:attachment":[{"href":"https:\/\/ecommerce.xtrim.com.ec\/develop\/blog\/wp-json\/wp\/v2\/media?parent=195"}],"wp:term":[{"taxonomy":"category","embeddable":true,"href":"https:\/\/ecommerce.xtrim.com.ec\/develop\/blog\/wp-json\/wp\/v2\/categories?post=195"},{"taxonomy":"post_tag","embeddable":true,"href":"https:\/\/ecommerce.xtrim.com.ec\/develop\/blog\/wp-json\/wp\/v2\/tags?post=195"}],"curies":[{"name":"wp","href":"https:\/\/api.w.org\/{rel}","templated":true}]}}