{"id":333,"date":"2023-04-24T11:08:18","date_gmt":"2023-04-24T16:08:18","guid":{"rendered":"https:\/\/ecommerce.xtrim.com.ec\/develop\/blog\/?p=333"},"modified":"2023-04-25T13:24:40","modified_gmt":"2023-04-25T18:24:40","slug":"premios-latino-homenaje-al-cine-iberoamericano","status":"publish","type":"post","link":"https:\/\/ecommerce.xtrim.com.ec\/develop\/blog\/entretenimiento\/premios-latino-homenaje-al-cine-iberoamericano\/","title":{"rendered":"Premios Latino: Homenaje al cine iberoamericano"},"content":{"rendered":"\n<p>La premiada pel\u00edcula argentina \u00abArgentina, 1985\u00bb, que en marzo no logr\u00f3 el \u00d3scar, fue la gran triunfadora en la d\u00e9cima edici\u00f3n de los Premios Platino de la industria audiovisual iberoamericana entregados en Madrid el pasado s\u00e1bado.<\/p>\n\n\n\n<p>El filme dirigido por Santiago Mitre, que trata sobre el juicio a los comandantes militares de la \u00faltima dictadura en Argentina, recibi\u00f3 el premio a la mejor pel\u00edcula iberoamericana de ficci\u00f3n del a\u00f1o. Adem\u00e1s, obtuvo otros cuatro galardones por mejor guion, direcci\u00f3n de arte, premio al cine en valores y mejor actor, que fue para Ricardo Dar\u00edn.<\/p>\n\n\n\n<p>Este largometraje ha obtenido numerosos premios por su exploraci\u00f3n del horror vivido durante la dictadura en Argentina, a trav\u00e9s de la investigaci\u00f3n del fiscal Strassera interpretado por Dar\u00edn y su equipo.<\/p>\n\n\n\n<p>Otra gran ganadora de la noche fue el drama rural \u00abAs Bestas\u201d, la pel\u00edcula espa\u00f1ola, dirigida por el madrile\u00f1o Rodrigo Sorogoyen , se llev\u00f3 los premios a mejor direcci\u00f3n, actor de reparto (Luis Zahera), sonido y montaje.<\/p>\n\n\n\n<p>En la ceremonia, presentada por la colombiana Carolina Gait\u00e1n, el mexicano Omar Chaparro y la espa\u00f1ola Paz Vega, la serie colombiana \u00abNoticia de un secuestro\u00bb domin\u00f3 los premios en los apartados de televisi\u00f3n. Inspirada en el libro hom\u00f3nimo de Gabriel Garc\u00eda M\u00e1rquez, esta producci\u00f3n trata sobre la lucha contra los carteles de la droga en los a\u00f1os 90 y obtuvo el premio a mejor teleserie iberoamericana del a\u00f1o.<\/p>\n\n\n\n<p>El Platino de Honor de esta edici\u00f3n fue entregado al actor puertorrique\u00f1o Benicio del Toro, quien en su discurso afirm\u00f3 sentirse \u00abhonrado\u00bb de recibir este reconocimiento en Madrid, \u00abla capital del mundo hispano\u00bb.<\/p>\n\n\n\n<p>En esta edici\u00f3n, compitieron producciones de doce pa\u00edses diferentes, entre ellos Argentina, Bolivia, Chile, Colombia, Cuba, Espa\u00f1a, Guatemala, M\u00e9xico, Nicaragua, Paraguay, Rep\u00fablica Dominicana y Uruguay. Los Premios Platino, impulsados por la Entidad de Gesti\u00f3n de Derechos de los Productores Audiovisuales (EGEDA) espa\u00f1ola, la Federaci\u00f3n Iberoamericana de Productores Cinematogr\u00e1ficos y Audiovisuales (FIPCA) y las Academias e Institutos de cine iberoamericanos, han tenido galas en Espa\u00f1a, Panam\u00e1, M\u00e9xico y Uruguay.<\/p>\n","protected":false},"excerpt":{"rendered":"<p>La premiada pel\u00edcula argentina \u00abArgentina, 1985\u00bb, que en marzo no logr\u00f3 el \u00d3scar, fue la gran triunfadora en la d\u00e9cima edici\u00f3n de los Premios Platino de la industria audiovisual iberoamericana entregados en Madrid el pasado s\u00e1bado. El filme dirigido por Santiago Mitre, que trata sobre el juicio a los comandantes militares de la \u00faltima dictadura [&hellip;]<\/p>\n","protected":false},"author":3,"featured_media":337,"comment_status":"open","ping_status":"open","sticky":false,"template":"","format":"standard","meta":{"footnotes":""},"categories":[11],"tags":[],"class_list":["post-333","post","type-post","status-publish","format-standard","has-post-thumbnail","hentry","category-entretenimiento"],"acf":[],"_links":{"self":[{"href":"https:\/\/ecommerce.xtrim.com.ec\/develop\/blog\/wp-json\/wp\/v2\/posts\/333","targetHints":{"allow":["GET"]}}],"collection":[{"href":"https:\/\/ecommerce.xtrim.com.ec\/develop\/blog\/wp-json\/wp\/v2\/posts"}],"about":[{"href":"https:\/\/ecommerce.xtrim.com.ec\/develop\/blog\/wp-json\/wp\/v2\/types\/post"}],"author":[{"embeddable":true,"href":"https:\/\/ecommerce.xtrim.com.ec\/develop\/blog\/wp-json\/wp\/v2\/users\/3"}],"replies":[{"embeddable":true,"href":"https:\/\/ecommerce.xtrim.com.ec\/develop\/blog\/wp-json\/wp\/v2\/comments?post=333"}],"version-history":[{"count":1,"href":"https:\/\/ecommerce.xtrim.com.ec\/develop\/blog\/wp-json\/wp\/v2\/posts\/333\/revisions"}],"predecessor-version":[{"id":335,"href":"https:\/\/ecommerce.xtrim.com.ec\/develop\/blog\/wp-json\/wp\/v2\/posts\/333\/revisions\/335"}],"wp:featuredmedia":[{"embeddable":true,"href":"https:\/\/ecommerce.xtrim.com.ec\/develop\/blog\/wp-json\/wp\/v2\/media\/337"}],"wp:attachment":[{"href":"https:\/\/ecommerce.xtrim.com.ec\/develop\/blog\/wp-json\/wp\/v2\/media?parent=333"}],"wp:term":[{"taxonomy":"category","embeddable":true,"href":"https:\/\/ecommerce.xtrim.com.ec\/develop\/blog\/wp-json\/wp\/v2\/categories?post=333"},{"taxonomy":"post_tag","embeddable":true,"href":"https:\/\/ecommerce.xtrim.com.ec\/develop\/blog\/wp-json\/wp\/v2\/tags?post=333"}],"curies":[{"name":"wp","href":"https:\/\/api.w.org\/{rel}","templated":true}]}}